{"id":2456,"date":"2023-11-09T11:30:59","date_gmt":"2023-11-09T08:30:59","guid":{"rendered":"http:\/\/estetikvevaris.com\/services\/sac-ekimi\/"},"modified":"2025-01-28T12:45:26","modified_gmt":"2025-01-28T09:45:26","slug":"sac-ekimi","status":"publish","type":"post","link":"https:\/\/estetikvevaris.com\/en\/sac-ekimi\/","title":{"rendered":"Sa\u00e7 Ekimi Mersin"},"content":{"rendered":"<h2>Sa\u00e7 Ekimi Mersin Nedir?<\/h2>\r\nSa\u00e7 ekimi Mersin, sa\u00e7 kayb\u0131 ya\u015fayan bireylerin sa\u011fl\u0131kl\u0131 sa\u00e7 k\u00f6klerinin belirli tekniklerle transfer edilmesi i\u015flemidir. Bu y\u00f6ntem, genellikle ense b\u00f6lgesinden al\u0131nan k\u00f6klerin incelenerek ihtiya\u00e7 duyulan b\u00f6lgeye nakledilmesini i\u00e7erir. Genelde <a href=\"https:\/\/estetikvevaris.com\/sac-ekimi\/\">sa\u00e7 ekimi Mersin<\/a> gibi \u015fehirlerde, modern kliniklerde uzman hekimler taraf\u0131ndan ger\u00e7ekle\u015ftirilir. \u0130\u015flemde kullan\u0131lan FUE veya DHI gibi teknikler, do\u011fal bir g\u00f6r\u00fcn\u00fcm elde etmek i\u00e7in titizlikle uygulan\u0131r.\r\n\r\nSa\u00e7 ekimi Mersin\u2019de yap\u0131l\u0131rken lokal anestezi alt\u0131nda a\u011fr\u0131s\u0131z bir s\u00fcre\u00e7 ya\u015fan\u0131r. K\u00f6klerin al\u0131nmas\u0131 ve ekim a\u015famas\u0131, teknolojik ekipmanlarla desteklenerek maksimum verim hedeflenir. \u0130yile\u015fme s\u00fcreci ki\u015fiye g\u00f6re de\u011fi\u015fse de, do\u011fru bak\u0131mla k\u0131sa s\u00fcrede sonu\u00e7 al\u0131n\u0131r. Ekim sonras\u0131 sa\u00e7lar, kal\u0131c\u0131 olarak d\u00f6k\u00fclmeden uzamaya devam eder.\r\n\r\nMersin\u2019de sa\u00e7 ekimi hizmeti veren merkezler, dan\u0131\u015fanlara ki\u015fiye \u00f6zel \u00e7\u00f6z\u00fcmler sunar. Sa\u00e7 analiziyle belirlenen ihtiya\u00e7lar, uzman ekipler taraf\u0131ndan planlan\u0131r. Bu sayede hem estetik kayg\u0131lar giderilir hem de g\u00fcvenilir bir tedavi s\u00fcreci sa\u011flan\u0131r. Sa\u00e7 ekimi, do\u011fru ad\u0131mlarla uyguland\u0131\u011f\u0131nda ya\u015fam kalitesini art\u0131ran etkili bir \u00e7\u00f6z\u00fcmd\u00fcr.\r\n<h2>Sa\u00e7 Ekimi Ne \u0130\u015fe Yarar?<\/h2>\r\nSa\u00e7 ekimi, sa\u00e7 d\u00f6k\u00fclmesi veya kellik ya\u015fayan bireylerin sa\u00e7 yo\u011funlu\u011funu art\u0131rmak, sa\u00e7 \u00e7izgisini yeniden yap\u0131land\u0131rmak ve estetik olarak daha do\u011fal bir sa\u00e7 g\u00f6r\u00fcn\u00fcm\u00fc sa\u011flamak amac\u0131yla yap\u0131lan bir i\u015flemdir. Genellikle genetik fakt\u00f6rler, ya\u015flanma, hormonal de\u011fi\u015fiklikler veya baz\u0131 sa\u011fl\u0131k sorunlar\u0131 nedeniyle sa\u00e7 kayb\u0131 ya\u015fayan ki\u015filer i\u00e7in <span style=\"color: #ff0000;\"><strong><a style=\"color: #ff0000;\" href=\"https:\/\/estetikvevaris.com\/sac-ekimi\/\">sa\u00e7 ekimi<\/a><\/strong><\/span> ideal bir \u00e7\u00f6z\u00fcmd\u00fcr.\r\n\r\nBu i\u015flemde, hastan\u0131n genellikle ense b\u00f6lgesindeki d\u00f6k\u00fclmeye diren\u00e7li sa\u00e7 k\u00f6kleri al\u0131narak, seyrek veya tamamen sa\u00e7s\u0131z olan b\u00f6lgelere ekilir. Ekilen sa\u00e7 k\u00f6kleri, ki\u015finin kendi do\u011fal sa\u00e7 k\u00f6klerinden elde edildi\u011fi i\u00e7in, ekim sonras\u0131 b\u00fcy\u00fcyen sa\u00e7lar hem do\u011fal bir g\u00f6r\u00fcn\u00fcm sa\u011flar hem de ki\u015finin ya\u015fam kalitesini ve \u00f6zg\u00fcvenini art\u0131r\u0131r.\r\n\r\nSa\u00e7 ekimi i\u015flemi, ileri teknoloji ve minimal invaziv y\u00f6ntemler kullan\u0131larak yap\u0131l\u0131r. Folik\u00fcler \u00dcnite Ekstraksiyonu (FUE) ve Folik\u00fcler \u00dcnite Transplantasyonu (FUT) gibi teknikler sayesinde sa\u00e7 k\u00f6kleri dikkatlice toplan\u0131r ve titizlikle yerle\u015ftirilir. Ekim yap\u0131lan alanlarda sa\u00e7\u0131n \u00e7\u0131k\u0131\u015f a\u00e7\u0131s\u0131na, yo\u011funlu\u011funa ve y\u00f6n\u00fcne dikkat edilerek do\u011fal bir sa\u00e7 g\u00f6r\u00fcn\u00fcm\u00fc sa\u011flan\u0131r.\r\n\r\nSa\u00e7 ekimi, estetik bir \u00e7\u00f6z\u00fcm sunman\u0131n yan\u0131 s\u0131ra ki\u015finin sa\u00e7 d\u00f6k\u00fclmesiyle ilgili kayg\u0131lar\u0131n\u0131 azalt\u0131r ve sosyal ya\u015famda kendine olan g\u00fcvenini tazeler. \u0130\u015flemden sonra \u00e7\u0131kan sa\u00e7lar, ki\u015finin kendi sa\u00e7 yap\u0131s\u0131na uygun olarak b\u00fcy\u00fcmeye devam eder ve zamanla ekim yap\u0131lan b\u00f6lgeyle uyumlu bir g\u00f6r\u00fcn\u00fcm kazan\u0131r. Sa\u00e7 ekimi, kellik ve sa\u00e7 seyrekli\u011fi gibi estetik sorunlar\u0131 \u00e7\u00f6zmede olduk\u00e7a etkili ve kal\u0131c\u0131 bir y\u00f6ntemdir.\r\n<h2><strong>Sa\u00e7 Ekimi Mersin Nas\u0131l Yap\u0131l\u0131r?<\/strong><\/h2>\r\nSa\u00e7 ekimi Mersin\u2019de, uzman hekimler taraf\u0131ndan ki\u015fiye \u00f6zel planlanan ve modern teknolojilerle uygulanan bir s\u00fcre\u00e7tir. \u0130lk a\u015famada sa\u00e7 analizi yap\u0131larak k\u00f6k kalitesi ve yo\u011funluk belirlenir. Ard\u0131ndan FUE veya DHI gibi y\u00f6ntemlerle sa\u00e7 k\u00f6kleri tek tek al\u0131narak ihtiya\u00e7 duyulan b\u00f6lgeye nakledilir. Bu teknikler sayesinde do\u011fal bir g\u00f6r\u00fcn\u00fcm elde edilirken iz kalma riski en aza indirilir.\r\n\r\nMersin\u2019deki sa\u00e7 ekimi s\u00fcreci lokal anestezi alt\u0131nda a\u011fr\u0131s\u0131z olarak ilerler. K\u00f6klerin al\u0131m\u0131 ve ekim i\u015flemi, mikro cerrahi ekipmanlarla hassasiyetle ger\u00e7ekle\u015ftirilir. \u0130\u015flem sonras\u0131 verilen bak\u0131m \u00f6nerileri, iyile\u015fme s\u00fcrecini h\u0131zland\u0131r\u0131r. Ekim yap\u0131lan sa\u00e7lar, birka\u00e7 ay i\u00e7inde do\u011fal uzama d\u00f6ng\u00fcs\u00fcne dahil olur.\r\n\r\nSa\u00e7 ekimi Mersin kliniklerinde, deneyimli ekipler taraf\u0131ndan steril ortamlarda yap\u0131l\u0131r. Ki\u015finin sa\u00e7 yap\u0131s\u0131na uygun teknik se\u00e7ilerek maksimum verim hedeflenir. Bu sayede kal\u0131c\u0131 ve estetik sonu\u00e7lar elde edilir. Sa\u00e7 ekimi, do\u011fru uyguland\u0131\u011f\u0131nda g\u00fcvenilir bir \u00e7\u00f6z\u00fcm olarak \u00f6ne \u00e7\u0131kar.\r\n\r\n\u0130\u015fte pop\u00fcler sa\u00e7 ekimi teknikleri:\r\n<h3><strong>FUE (F<\/strong>olicular<strong> U<\/strong>nite<strong> E<\/strong>xtraction<strong>) Tekni\u011fi: <\/strong><\/h3>\r\nD\u00fcnyada ve \u00fclkemizde en yayg\u0131n kullan\u0131lan sa\u00e7 ekimi tekni\u011fi olup; Klini\u011fimizde de uygulanmaktad\u0131r. Sa\u00e7l\u0131 deride bulunan ve Folik\u00fcler \u00dcnite (FU) ad\u0131 verilen mikro sa\u00e7 k\u00f6k\u00fc demetlerinin, mikrocerrahi i\u015flemlerle tek tek \u00e7\u0131kar\u0131larak istenen b\u00f6lgeye yerle\u015ftirilmesini i\u00e7eren bir tekniktir.\r\n\r\nK\u00f6klerin al\u0131naca\u011f\u0131 b\u00f6lge belirlendikten sonra hekimin karar\u0131na g\u00f6re t\u0131ra\u015f i\u015flemiyle (ya da t\u0131ra\u015f i\u015flemi olmadan) ba\u015flar. Uzman hekim taraf\u0131nda k\u00f6klerin al\u0131naca\u011f\u0131 b\u00f6lgeye lokal anestezi uygulan\u0131r. Daha sonra mikro motor arac\u0131l\u0131\u011f\u0131yla gev\u015fetilen k\u00f6kler, mikropunch denilen c\u0131mb\u0131za benzer medikal bir alet kullan\u0131larak yerlerinden \u00e7\u0131kar\u0131l\u0131r.\r\n\r\nK\u00f6k toplama i\u015flemi bitti\u011finde sa\u00e7 \u00e7izgisinin belirlendi\u011fi alan veya hekimin uygun g\u00f6rd\u00fc\u011f\u00fc ba\u015fka bir alandan ba\u015flanarak safir b\u0131\u00e7ak (Sapphire Blade) ile ince kanallar a\u00e7\u0131l\u0131r ve k\u00f6kler nakledilir. B\u00f6ylece \u00e7ok daha do\u011fal g\u00f6r\u00fcn\u00fcml\u00fc sa\u00e7 ekimi sonucu elde edilir. Ekim i\u015flemi tamamland\u0131ktan sonra k\u00f6klerin al\u0131nd\u0131\u011f\u0131 don\u00f6r b\u00f6lge pansuman yap\u0131larak kapat\u0131l\u0131r.\r\n\r\nBu teknikte lokal anestezi uyguland\u0131\u011f\u0131 i\u00e7in a\u011fr\u0131, ac\u0131 hissedilmez. Ayr\u0131ca sa\u00e7 k\u00f6klerinin naklinden sonra ciltte herhangi bir kesi i\u015flemi olmad\u0131\u011f\u0131 i\u00e7in diki\u015f gerektirmez. Bu tekni\u011fin en b\u00fcy\u00fck avantajlar\u0131: sa\u00e7l\u0131 deride en az travma ile en az skar olmas\u0131, h\u0131zl\u0131 iyile\u015fme s\u00fcresine sahip olmas\u0131yla birlikte hi\u00e7bir \u015fekilde iz kalmamas\u0131d\u0131r. Ayr\u0131ca k\u00f6k greftleri sa\u00e7\u0131n do\u011fal \u00e7\u0131k\u0131\u015f y\u00f6n\u00fcnde yerle\u015ftirildi\u011finden dolay\u0131 i\u015flem sonucunda tamamen do\u011fal bir g\u00f6r\u00fcnt\u00fc olu\u015fur.\r\n<h2><strong>Sa\u00e7 Ekimi i\u00e7in Uygun bir aday m\u0131y\u0131m?<\/strong><\/h2>\r\nSa\u00e7 ekimi uygulamas\u0131, genetik sa\u00e7 d\u00f6k\u00fclmesinde, yan\u0131k ya da yaralanmalardan kaynaklanan d\u00f6k\u00fclmelerde ve \u00e7e\u015fitli nedenlerden dolay\u0131 seyrek sa\u00e7l\u0131 olma ya da sa\u00e7lar\u0131n b\u00f6lgesel olarak hi\u00e7 olmamas\u0131 gibi nedenlerden dolay\u0131 yap\u0131labilece\u011fi gibi hekim taraf\u0131ndan muayene sonras\u0131 uygun g\u00f6r\u00fclen nedenlerden dolay\u0131 da onay verilen her hastaya yap\u0131labilmektedir.\r\n\r\nKlini\u011fimize gelen hastan\u0131n sa\u00e7 nakline uygun olup olmad\u0131\u011f\u0131 gerekli muayene, detayl\u0131 analiz ve testler ile ara\u015ft\u0131r\u0131l\u0131r. Testler sonucu metabolik, sistemik bir sorun olmad\u0131\u011f\u0131 saptand\u0131ktan sonra sa\u00e7 k\u00f6klerinin al\u0131naca\u011f\u0131 b\u00f6lgenin muayene edilir.\r\n\r\nMuayene sonucunda adayda yeterli k\u00f6k oldu\u011fu tespit edilmesi durumunda sa\u00e7 d\u00f6k\u00fclmesi tipine g\u00f6re tedavi y\u00f6ntemi belirlenir. Sa\u00e7 ekimi uygulamas\u0131 i\u00e7in ya\u015f s\u0131n\u0131rlamas\u0131 yoktur. Sa\u00e7 ekimi uygulamas\u0131 kal\u0131c\u0131 bir y\u00f6ntem olup, sa\u00e7 problemlerinin tedavisinde kesin \u00e7\u00f6z\u00fcm sa\u011flayan cerrahi bir y\u00f6ntemdir.\r\n<h2><strong>Sa\u00e7 Ekimi \u00d6ncesi Yap\u0131lmas\u0131 Gerekenler nelerdir?<\/strong><\/h2>\r\n\u00d6ncelikle sa\u00e7 ekimi operasyonu yap\u0131lacak her hasta, t\u00fcm endikasyonlar, komplikasyonlar ve meydana gelebilecek olas\u0131l\u0131klar hakk\u0131nda hekim taraf\u0131ndan detayl\u0131 bir \u015fekilde bilgilendirilmektedir. Hastan\u0131n herhangi bir kronik hastal\u0131\u011f\u0131, s\u00fcrekli ila\u00e7 kullan\u0131m\u0131 var ise yine hekim taraf\u0131ndan uygulama \u00f6ncesi ayr\u0131nt\u0131l\u0131 bilgi verilmekte ve ki\u015fiye \u00f6zel tedavi planlamas\u0131 yap\u0131lmaktad\u0131r.\r\n\r\nBu a\u015famalardan sonra onay verilen hastalarda i\u015flem \u00f6ncesi sa\u00e7lar temiz ve y\u0131kanm\u0131\u015f olmal\u0131 ayr\u0131ca j\u00f6le, sa\u00e7 spreyi, sa\u00e7 sol\u00fcsyonu gibi kimyasal i\u00e7erikli kar\u0131\u015f\u0131mlar uygulanmamal\u0131d\u0131r.\r\n<h2>Sa\u00e7 Ekiminden Sonra Ne Olur?<\/h2>\r\nSa\u00e7 ekiminden sonra, ekilen sa\u00e7 k\u00f6klerinin adaptasyon s\u00fcreci ba\u015flar. Ekim i\u015fleminin hemen ard\u0131ndan sa\u00e7 derisinde hafif bir k\u0131zar\u0131kl\u0131k, \u015fi\u015flik ve hassasiyet g\u00f6r\u00fclebilir, ancak bu durum genellikle birka\u00e7 g\u00fcn i\u00e7inde azal\u0131r. Ekimden sonraki ilk hafta sa\u00e7 k\u00f6klerinin iyile\u015fme s\u00fcreci olduk\u00e7a \u00f6nemlidir ve bu s\u00fcre\u00e7te sa\u00e7lar\u0131n ekildi\u011fi b\u00f6lgelerde k\u00fc\u00e7\u00fck kabuklanmalar olu\u015fur.\r\n\r\nBu kabuklanmalar yakla\u015f\u0131k 7-10 g\u00fcn i\u00e7inde kendili\u011finden d\u00f6k\u00fcl\u00fcr. \u0130\u015flemden sonra genellikle ilk 2 hafta i\u00e7erisinde y\u0131kama talimatlar\u0131na uygun bir \u015fekilde sa\u00e7 y\u0131kama s\u00fcreci ba\u015flar. Ekim yap\u0131lan alan\u0131n iyile\u015fmesi tamamland\u0131ktan sonra ise, ekilen sa\u00e7lar do\u011fal bir d\u00f6ng\u00fcye girerek geli\u015fir.\r\n\r\nSa\u00e7 ekiminden sonraki 2-3 ay i\u00e7inde, ekilen sa\u00e7 k\u00f6klerinden \u00e7\u0131kan sa\u00e7 tellerinde d\u00f6k\u00fclme meydana gelebilir. \u015eok d\u00f6k\u00fclme ad\u0131 verilen bu d\u00f6k\u00fclme s\u00fcreci olduk\u00e7a normaldir ve sa\u00e7 k\u00f6klerinin uyum sa\u011flamas\u0131yla ger\u00e7ekle\u015fir. \u015eok d\u00f6k\u00fclmeden sonra, sa\u00e7 k\u00f6kleri yeniden sa\u00e7 \u00fcretmeye ba\u015flar ve 6. aydan itibaren ekim yap\u0131lan b\u00f6lgedeki sa\u00e7lar kal\u0131c\u0131 olarak uzamaya devam eder.\r\n\r\nEkilen sa\u00e7lar zamanla daha kal\u0131n ve sa\u011fl\u0131kl\u0131 bir g\u00f6r\u00fcn\u00fcme kavu\u015fur. Sa\u00e7 ekiminden yakla\u015f\u0131k 12-18 ay sonra istenilen yo\u011funluk ve kal\u0131c\u0131 sa\u00e7 g\u00f6r\u00fcn\u00fcm\u00fcne ula\u015f\u0131l\u0131r. Ekim sonras\u0131 d\u00f6nemde, doktorun \u00f6nerdi\u011fi bak\u0131m talimatlar\u0131na uymak, ekim yap\u0131lan b\u00f6lgedeki sa\u00e7lar\u0131n sa\u011fl\u0131kl\u0131 geli\u015fimine katk\u0131 sa\u011flar.\r\n<h2>Ekilen Sa\u00e7 Ka\u00e7 Y\u0131l Dayan\u0131r?<\/h2>\r\nEkilen sa\u00e7lar, genetik olarak d\u00f6k\u00fclmeye diren\u00e7li olan ense b\u00f6lgesinden al\u0131nd\u0131\u011f\u0131 i\u00e7in kal\u0131c\u0131 \u00f6zellik ta\u015f\u0131r ve \u00f6m\u00fcr boyu dayan\u0131r. Sa\u00e7 ekiminde kullan\u0131lan bu sa\u00e7 k\u00f6kleri, di\u011fer sa\u00e7lardan farkl\u0131 olarak ya\u015flanma s\u00fcrecine ra\u011fmen d\u00f6k\u00fclme e\u011filimi g\u00f6stermez.\r\n\r\nEkilen sa\u00e7 k\u00f6klerinin kal\u0131c\u0131l\u0131\u011f\u0131 olduk\u00e7a y\u00fcksektir ve i\u015flem sonras\u0131 sa\u011fl\u0131kl\u0131 sa\u00e7 bak\u0131m\u0131yla bu sa\u00e7lar ki\u015finin ya\u015fam\u0131 boyunca kal\u0131c\u0131 bir g\u00f6r\u00fcn\u00fcm sunar.\r\n\r\nSa\u00e7 ekiminden sonra \u00e7\u0131kan sa\u00e7lar, do\u011fal sa\u00e7 yap\u0131s\u0131na benzer \u015fekilde uzar ve normal sa\u00e7 gibi d\u00f6k\u00fclmeden kal\u0131r. Ancak ya\u015flanma s\u00fcrecinde do\u011fal olarak sa\u00e7 tellerinde incelme ya da yap\u0131sal de\u011fi\u015fiklikler g\u00f6r\u00fclebilir, fakat ekim yap\u0131lan sa\u00e7 k\u00f6kleri varl\u0131\u011f\u0131n\u0131 korur.\r\n\r\nEkilen sa\u00e7lar\u0131n uzun y\u0131llar boyunca dayan\u0131kl\u0131 olmas\u0131, ekim i\u015fleminin uzman bir ekip taraf\u0131ndan yap\u0131lmas\u0131na ve i\u015flem sonras\u0131 bak\u0131mlara da ba\u011fl\u0131d\u0131r. D\u00fczenli bak\u0131m, sa\u011fl\u0131kl\u0131 beslenme ve genel sa\u00e7 sa\u011fl\u0131\u011f\u0131na \u00f6zen g\u00f6sterilmesi, ekilen sa\u00e7lar\u0131n kalitesini art\u0131r\u0131r ve \u00f6m\u00fcr boyu estetik bir g\u00f6r\u00fcn\u00fcm sa\u011flar.\r\n\r\nSa\u00e7 ekiminden sonra d\u00fczenli doktor kontrolleri ve sa\u00e7 sa\u011fl\u0131\u011f\u0131n\u0131 koruyucu \u00f6nlemler almak, ekilen sa\u00e7lar\u0131n uzun \u00f6m\u00fcrl\u00fc olmas\u0131na yard\u0131mc\u0131 olur. Sa\u00e7 ekimi, kal\u0131c\u0131 ve g\u00fcvenilir bir \u00e7\u00f6z\u00fcm olarak d\u00f6k\u00fclme sorunu ya\u015fayan ki\u015filere estetik ve kal\u0131c\u0131 sonu\u00e7lar sunar.\r\n<h2>Sa\u00e7 Ektirmek Kal\u0131c\u0131 \u00c7\u00f6z\u00fcm M\u00fc?<\/h2>\r\nSa\u00e7 ektirmek, sa\u00e7 d\u00f6k\u00fclmesi ve kellik problemlerine kar\u015f\u0131 kal\u0131c\u0131 bir \u00e7\u00f6z\u00fcm sunar. Sa\u00e7 ekiminde kullan\u0131lan y\u00f6ntemlerin geli\u015fmesiyle birlikte, ekilen sa\u00e7 k\u00f6klerinin ba\u015far\u0131 oran\u0131 ve kal\u0131c\u0131l\u0131\u011f\u0131 olduk\u00e7a y\u00fcksek seviyelere ula\u015fm\u0131\u015ft\u0131r.\r\n\r\n\u00d6zellikle FUE ve DHI gibi modern sa\u00e7 ekim teknikleriyle yap\u0131lan i\u015flemler, do\u011fal g\u00f6r\u00fcn\u00fcm\u00fc ve kal\u0131c\u0131l\u0131\u011f\u0131 art\u0131r\u0131r. Ekilen sa\u00e7 k\u00f6kleri, genetik olarak d\u00f6k\u00fclmeye diren\u00e7li b\u00f6lgelerden al\u0131nd\u0131\u011f\u0131 i\u00e7in ekim yap\u0131lan alanda d\u00f6k\u00fclmez ve \u00f6m\u00fcr boyu kal\u0131c\u0131 bir sa\u00e7 g\u00f6r\u00fcn\u00fcm\u00fc sa\u011flar. Bu nedenle sa\u00e7 ekimi, ge\u00e7ici de\u011fil, uzun vadeli bir \u00e7\u00f6z\u00fcm sunarak ki\u015finin estetik beklentilerini kar\u015f\u0131lar.\r\n\r\nSa\u00e7 ekiminden sonra \u00e7\u0131kan sa\u00e7lar normal sa\u00e7 d\u00f6ng\u00fcs\u00fcne girer, uzar ve do\u011fal bir \u015fekilde d\u00f6k\u00fcl\u00fcp tekrar \u00e7\u0131kar. Ancak, sa\u00e7 ektirme i\u015fleminin kal\u0131c\u0131l\u0131\u011f\u0131, ki\u015finin ya\u015fam tarz\u0131, sa\u00e7 bak\u0131m rutini ve genel sa\u011fl\u0131k durumu gibi fakt\u00f6rlere de ba\u011fl\u0131d\u0131r.\r\n\r\nSa\u011fl\u0131kl\u0131 beslenme, d\u00fczenli sa\u00e7 bak\u0131m\u0131 ve stresten uzak durmak, ekilen sa\u00e7lar\u0131n kal\u0131c\u0131l\u0131\u011f\u0131n\u0131 ve sa\u011fl\u0131\u011f\u0131n\u0131 korumada \u00f6nemli rol oynar. Sa\u00e7 ektirme, estetik ve psikolojik olarak ki\u015finin ya\u015fam kalitesini art\u0131ran kal\u0131c\u0131 bir \u00e7\u00f6z\u00fcm olarak \u00f6ne \u00e7\u0131kar ve ki\u015finin do\u011fal sa\u00e7 yap\u0131s\u0131na uyumlu, do\u011fal g\u00f6r\u00fcn\u00fcml\u00fc sa\u00e7lara sahip olmas\u0131n\u0131 sa\u011flar.\r\n\r\nSa\u00e7 ekimi, kal\u0131c\u0131l\u0131\u011f\u0131 olduk\u00e7a y\u00fcksek bir i\u015flem olarak bilinir ve ekim sonras\u0131 \u00e7\u0131kan sa\u00e7lar, \u00f6m\u00fcr boyu kal\u0131c\u0131 bir \u00e7\u00f6z\u00fcm sunar. Ekimde kullan\u0131lan sa\u00e7 k\u00f6kleri, genellikle ense veya kulak arkas\u0131 gibi d\u00f6k\u00fclmeye diren\u00e7li b\u00f6lgelerden al\u0131nd\u0131\u011f\u0131 i\u00e7in, ekim sonras\u0131 b\u00fcy\u00fcyen sa\u00e7lar d\u00f6k\u00fclmez ve do\u011fal sa\u00e7 yap\u0131s\u0131na benzer \u015fekilde ya\u015fam boyu kal\u0131c\u0131l\u0131\u011f\u0131n\u0131 korur.\r\n\r\nEkilen sa\u00e7 k\u00f6kleri, ki\u015finin kendi do\u011fal sa\u00e7 k\u00f6klerinden al\u0131nd\u0131\u011f\u0131ndan, sa\u00e7 ekimi sonras\u0131 b\u00fcy\u00fcyen sa\u00e7lar kal\u0131c\u0131 ve do\u011fal bir g\u00f6r\u00fcn\u00fcm sa\u011flar. Bu sa\u00e7lar normal sa\u00e7 gibi uzar, \u015fekillendirilebilir ve kesilebilir.\r\n\r\nSa\u00e7 ekimi sonras\u0131 sa\u00e7lar\u0131n kal\u0131c\u0131l\u0131\u011f\u0131, i\u015flemin uzman bir ekip taraf\u0131ndan yap\u0131lmas\u0131na, kullan\u0131lan y\u00f6ntemin kalitesine ve ki\u015finin genel sa\u011fl\u0131k durumuna ba\u011fl\u0131d\u0131r. \u0130\u015flem sonras\u0131 sa\u00e7lar b\u00fcy\u00fcd\u00fck\u00e7e, ekim b\u00f6lgesindeki sa\u00e7 k\u00f6kleri de sa\u00e7 d\u00f6ng\u00fcs\u00fcne uygun olarak d\u00f6k\u00fcl\u00fcr ve yeniden \u00e7\u0131kar.\r\n\r\nAncak, ekim sonras\u0131 bak\u0131m talimatlar\u0131na uyulmas\u0131, d\u00fczenli sa\u00e7 bak\u0131m\u0131 yap\u0131lmas\u0131 ve doktor kontrollerinin aksat\u0131lmamas\u0131 kal\u0131c\u0131l\u0131\u011f\u0131 art\u0131r\u0131r. Sa\u00e7 ekimi yap\u0131lan b\u00f6lgedeki sa\u00e7lar kal\u0131c\u0131 olarak \u00e7\u0131karken, i\u015flem sonras\u0131 dikkat edilmesi gereken baz\u0131 konular, iyile\u015fme s\u00fcrecini ve uzun vadede sa\u00e7 sa\u011fl\u0131\u011f\u0131n\u0131 olumlu y\u00f6nde etkiler.\r\n<h2><strong>Sa\u00e7 Ekimi Sonras\u0131 Yap\u0131lmas\u0131 Gerekenler nelerdir?<\/strong><\/h2>\r\nSa\u00e7 ekimi yap\u0131ld\u0131ktan sonraki g\u00fcnlerde genellikle deride k\u0131zar\u0131kl\u0131k, yara veya kabuklanmalar g\u00f6r\u00fclmekle birlikte bu durum tamamen do\u011fald\u0131r. Kabuklanman\u0131n \u00f6n\u00fcne ge\u00e7mek i\u00e7in hekimin verece\u011fi talimata g\u00f6re sa\u00e7\u0131n nas\u0131l y\u0131kanmas\u0131 ve bak\u0131m yap\u0131lmas\u0131 gerekti\u011fi ile ilgili bilgilendirme yap\u0131l\u0131r. Operasyondan 2 g\u00fcn sonra ki\u015fi tamamen normal hayat\u0131na d\u00f6nebilir.\r\n\r\n\u0130\u015flem sonunda sa\u00e7 derisinin eski sa\u011fl\u0131\u011f\u0131na kavu\u015fmas\u0131 \u00e7ok h\u0131zl\u0131d\u0131r genellikle 10 g\u00fcn i\u00e7inde sa\u00e7 ekilen b\u00f6lge iyile\u015fir. Sa\u00e7\u0131n seyrek ya da sa\u00e7s\u0131z deriyi kapatacak boyuta gelmesi her hastada farkl\u0131 olup ortalama sa\u00e7 ekiminden sekiz ile on iki ay sonras\u0131d\u0131r.\r\n\r\nSa\u00e7lar ilk \u00e7\u0131kmaya ba\u015flad\u0131\u011f\u0131 zamandan bu tarihe kadar giderek kal\u0131nla\u015f\u0131r ve al\u0131nan b\u00f6lgedeki sa\u00e7lar\u0131n kal\u0131nl\u0131\u011f\u0131na yakla\u015f\u0131r. Normal sa\u00e7 kal\u0131nl\u0131\u011f\u0131na gelen sa\u00e7lar \u00f6zel bak\u0131m gerektirmez. Kestirme, y\u0131kama, \u015fekil verme, boya gibi uygulamalar yap\u0131labilir. Ayn\u0131 zamanda ekim yap\u0131lan sa\u00e7lar, ekim prosed\u00fcr\u00fcnden dolay\u0131 d\u00f6k\u00fclmez, belli bir tutunma s\u00fcresi yoktur ve \u00f6m\u00fcr boyu sa\u011fl\u0131kl\u0131 ya\u015farlar.\r\n<h2><strong>Sa\u00e7 Ekimi i\u015flemi sa\u011fl\u0131kl\u0131 sa\u00e7lara zarar verir mi?<\/strong><\/h2>\r\nSa\u00e7 ekimi i\u015flemi uzman ve deneyimli bir hekim ya da ekip taraf\u0131ndan steril hijyenik bir klinikte yap\u0131ld\u0131\u011f\u0131 s\u00fcrece sa\u00e7l\u0131 ciltteki di\u011fer b\u00f6lgeler i\u015flem sonras\u0131nda zarar g\u00f6rmez ve i\u015flemin herhangi bir yan etkisi yoktur.\r\n<h2><strong>Sa\u00e7 Ekim Mersin Fiyatlar\u0131 2025<\/strong><\/h2>\r\nSa\u00e7 ekimi Mersin fiyatlar\u0131 2025 y\u0131l\u0131nda, kullan\u0131lan teknik, greft say\u0131s\u0131 ve klinik kalitesi gibi fakt\u00f6rlere ba\u011fl\u0131 olarak de\u011fi\u015fkenlik g\u00f6sterir. Fiyatland\u0131rma, ki\u015finin sa\u00e7 kayb\u0131 derecesi ve ihtiya\u00e7 duyulan seans say\u0131s\u0131na g\u00f6re belirlenir. Mersin\u2019deki klinikler, FUE ve DHI gibi modern y\u00f6ntemlerle uygun maliyetli \u00e7\u00f6z\u00fcmler sunarken kaliteden \u00f6d\u00fcn vermez.\r\n\r\n2025 y\u0131l\u0131nda sa\u00e7 ekimi Mersin\u2019deki fiyatlar\u0131 etkileyen temel unsurlar aras\u0131nda teknolojik geli\u015fmeler ve operasyonel maliyetler yer al\u0131r. Deneyimli hekim kadrosu ve steril klinik ortam\u0131, hizmet bedelini do\u011frudan etkileyen fakt\u00f6rlerdir. Ekim \u00f6ncesi yap\u0131lan detayl\u0131 analizler, ki\u015fiye \u00f6zel tedavi plan\u0131 olu\u015fturularak \u015feffaf fiyatland\u0131rma sa\u011flar.\r\n\r\nSa\u00e7 ekimi Mersin\u2019de 2025\u2019te ekonomik paket se\u00e7enekleriyle eri\u015filebilir hale gelmi\u015ftir. Ancak d\u00fc\u015f\u00fck fiyat vaatlerinden ziyade uzmanl\u0131k ve ba\u015far\u0131 oran\u0131 \u00f6nceliklendirilmelidir. Klinikler, taksit imkanlar\u0131yla b\u00fct\u00e7e dostu \u00e7\u00f6z\u00fcmler sunarak s\u00fcreci kolayla\u015ft\u0131r\u0131r. Sa\u00e7 ekimi fiyatlar\u0131, do\u011fal ve kal\u0131c\u0131 sonu\u00e7lar hedeflendi\u011finde uzun vadede yat\u0131r\u0131ma d\u00f6n\u00fc\u015f\u00fcr.","protected":false},"excerpt":{"rendered":"<p>Sa\u00e7 Ekimi Mersin Nedir? Sa\u00e7 ekimi Mersin, sa\u00e7 kayb\u0131 ya\u015fayan bireylerin sa\u011fl\u0131kl\u0131 sa\u00e7 k\u00f6klerinin belirli tekniklerle transfer edilmesi i\u015flemidir. Bu y\u00f6ntem, genellikle ense b\u00f6lgesinden al\u0131nan k\u00f6klerin incelenerek ihtiya\u00e7 duyulan b\u00f6lgeye nakledilmesini i\u00e7erir. Genelde sa\u00e7 ekimi Mersin gibi \u015fehirlerde, modern kliniklerde uzman hekimler taraf\u0131ndan ger\u00e7ekle\u015ftirilir. \u0130\u015flemde kullan\u0131lan FUE veya DHI gibi teknikler, do\u011fal bir g\u00f6r\u00fcn\u00fcm elde [&hellip;]<\/p>\n","protected":false},"author":1,"featured_media":4523,"comment_status":"closed","ping_status":"closed","sticky":false,"template":"elementor_theme","format":"standard","meta":{"rank_math_lock_modified_date":false,"footnotes":""},"categories":[7],"tags":[],"class_list":["post-2456","post","type-post","status-publish","format-standard","has-post-thumbnail","hentry","category-uncategorized"],"_links":{"self":[{"href":"https:\/\/estetikvevaris.com\/en\/wp-json\/wp\/v2\/posts\/2456","targetHints":{"allow":["GET"]}}],"collection":[{"href":"https:\/\/estetikvevaris.com\/en\/wp-json\/wp\/v2\/posts"}],"about":[{"href":"https:\/\/estetikvevaris.com\/en\/wp-json\/wp\/v2\/types\/post"}],"author":[{"embeddable":true,"href":"https:\/\/estetikvevaris.com\/en\/wp-json\/wp\/v2\/users\/1"}],"replies":[{"embeddable":true,"href":"https:\/\/estetikvevaris.com\/en\/wp-json\/wp\/v2\/comments?post=2456"}],"version-history":[{"count":9,"href":"https:\/\/estetikvevaris.com\/en\/wp-json\/wp\/v2\/posts\/2456\/revisions"}],"predecessor-version":[{"id":4652,"href":"https:\/\/estetikvevaris.com\/en\/wp-json\/wp\/v2\/posts\/2456\/revisions\/4652"}],"wp:featuredmedia":[{"embeddable":true,"href":"https:\/\/estetikvevaris.com\/en\/wp-json\/wp\/v2\/media\/4523"}],"wp:attachment":[{"href":"https:\/\/estetikvevaris.com\/en\/wp-json\/wp\/v2\/media?parent=2456"}],"wp:term":[{"taxonomy":"category","embeddable":true,"href":"https:\/\/estetikvevaris.com\/en\/wp-json\/wp\/v2\/categories?post=2456"},{"taxonomy":"post_tag","embeddable":true,"href":"https:\/\/estetikvevaris.com\/en\/wp-json\/wp\/v2\/tags?post=2456"}],"curies":[{"name":"wp","href":"https:\/\/api.w.org\/{rel}","templated":true}]}}